{"id":3352,"date":"2023-09-29T15:57:03","date_gmt":"2023-09-29T19:57:03","guid":{"rendered":"https:\/\/gbgh.on.ca\/fr\/?p=3352"},"modified":"2023-09-29T16:04:46","modified_gmt":"2023-09-29T20:04:46","slug":"lhgbg-sinforme-sur-la-communaute-autochtone-grace-un-evenement-de-verite-et-de-reconciliation","status":"publish","type":"post","link":"https:\/\/gbgh.on.ca\/fr\/lhgbg-sinforme-sur-la-communaute-autochtone-grace-un-evenement-de-verite-et-de-reconciliation\/","title":{"rendered":"L\u2019HGBG s\u2019informe sur la communaut\u00e9 autochtone gr\u00e2ce un \u00e9v\u00e9nement de v\u00e9rit\u00e9 et de r\u00e9conciliation"},"content":{"rendered":"<p>Le 29 septembre 2023 &#8211;\u00a0Le 29 septembre, l\u2019H\u00f4pital g\u00e9n\u00e9ral de la baie Georgienne (HGBG) a organis\u00e9 un \u00e9v\u00e9nement pour reconna\u00eetre la Journ\u00e9e nationale de la v\u00e9rit\u00e9 et de la r\u00e9conciliation qui a lieu partout au Canada le 30 septembre tous les ans. Pour l\u2019h\u00f4pital, il s\u2019agissait du troisi\u00e8me \u00e9v\u00e9nement annuel pendant lequel nous avons invit\u00e9 le personnel, le personnel professionnel et les b\u00e9n\u00e9voles \u00e0 se renseigner sur l\u2019importance tragique du r\u00e9gime des pensionnats dans l\u2019histoire du Canada, \u00e0 s\u2019en souvenir et \u00e0 y r\u00e9fl\u00e9chir. Afin d\u2019incorporer les \u00e9l\u00e9ments de la culture autochtone, il y a eu une c\u00e9r\u00e9monie de purification par la fum\u00e9e, une pri\u00e8re et la lev\u00e9e du drapeau Chaque enfant compte. Le point culminant de l\u2019\u00e9v\u00e9nement \u00e9tait le touchant t\u00e9moignage d\u2019une survivante des pensionnats qui a partag\u00e9 ses perspectives et exp\u00e9riences pendant les dix ans qu\u2019elle a pass\u00e9 au pensionnat.<\/p>\n","protected":false},"excerpt":{"rendered":"<p>Le 29 septembre 2023 &#8211;\u00a0Le 29 septembre, l\u2019H\u00f4pital g\u00e9n\u00e9ral de la baie Georgienne (HGBG) a organis\u00e9 un \u00e9v\u00e9nement pour reconna\u00eetre la Journ\u00e9e nationale de la v\u00e9rit\u00e9 et de la r\u00e9conciliation qui a lieu partout au Canada le 30 septembre tous les ans. Pour l\u2019h\u00f4pital, il s\u2019agissait du troisi\u00e8me \u00e9v\u00e9nement annuel pendant lequel nous avons invit\u00e9 [&hellip;]<\/p>\n","protected":false},"author":1,"featured_media":3353,"comment_status":"closed","ping_status":"closed","sticky":false,"template":"","format":"standard","meta":{"footnotes":""},"categories":[10],"tags":[],"class_list":["post-3352","post","type-post","status-publish","format-standard","has-post-thumbnail","hentry","category-latest-news"],"_links":{"self":[{"href":"https:\/\/gbgh.on.ca\/fr\/wp-json\/wp\/v2\/posts\/3352","targetHints":{"allow":["GET"]}}],"collection":[{"href":"https:\/\/gbgh.on.ca\/fr\/wp-json\/wp\/v2\/posts"}],"about":[{"href":"https:\/\/gbgh.on.ca\/fr\/wp-json\/wp\/v2\/types\/post"}],"author":[{"embeddable":true,"href":"https:\/\/gbgh.on.ca\/fr\/wp-json\/wp\/v2\/users\/1"}],"replies":[{"embeddable":true,"href":"https:\/\/gbgh.on.ca\/fr\/wp-json\/wp\/v2\/comments?post=3352"}],"version-history":[{"count":1,"href":"https:\/\/gbgh.on.ca\/fr\/wp-json\/wp\/v2\/posts\/3352\/revisions"}],"predecessor-version":[{"id":3354,"href":"https:\/\/gbgh.on.ca\/fr\/wp-json\/wp\/v2\/posts\/3352\/revisions\/3354"}],"wp:featuredmedia":[{"embeddable":true,"href":"https:\/\/gbgh.on.ca\/fr\/wp-json\/wp\/v2\/media\/3353"}],"wp:attachment":[{"href":"https:\/\/gbgh.on.ca\/fr\/wp-json\/wp\/v2\/media?parent=3352"}],"wp:term":[{"taxonomy":"category","embeddable":true,"href":"https:\/\/gbgh.on.ca\/fr\/wp-json\/wp\/v2\/categories?post=3352"},{"taxonomy":"post_tag","embeddable":true,"href":"https:\/\/gbgh.on.ca\/fr\/wp-json\/wp\/v2\/tags?post=3352"}],"curies":[{"name":"wp","href":"https:\/\/api.w.org\/{rel}","templated":true}]}}